{"id":4551,"date":"2020-04-21T08:48:49","date_gmt":"2020-11-13T13:24:52","guid":{"rendered":"http:\/\/puppetmaster.slb.nu\/slbanalys\/?p=4551"},"modified":"2020-11-13T14:24:52","modified_gmt":"2020-11-13T13:24:52","slug":"luftvardsforbundets-arsrapport-2019","status":"publish","type":"post","link":"https:\/\/www.slb.nu\/slbanalys\/luftvardsforbundets-arsrapport-2019\/","title":{"rendered":"Luftv\u00e5rdsf\u00f6rbundets \u00e5rsrapport 2019"},"content":{"rendered":"<p>I Luftv\u00e5rdsf\u00f6rbundets \u00e5rsrapport 2019 redovisas resultat fr\u00e5n m\u00e4tningar av  luftf\u00f6roreningshalter och meteorologiska parametrar i regionen. F\u00f6rutom  luftf\u00f6roreningshalter i urban och regional bakgrundsmilj\u00f6 redovisas resultat fr\u00e5n gatustationer i Uppsala, G\u00e4vle, Botkyrka, Solna, Sollentuna och S\u00f6dert\u00e4lje. Dessutom redovisas resultat fr\u00e5n Trafikverkets m\u00e4tningar intill E4\/E20 p\u00e5 Lilla Essingen och vid Skonertv\u00e4gen i Stockholm.<\/p>\n<p>Milj\u00f6kvalitetsnormen f\u00f6r kv\u00e4vedioxid, NO<sub><span style=\"font-size: small;\">2<\/span><\/sub>, till skydd f\u00f6r m\u00e4nniskors h\u00e4lsa \u00f6verskreds vid Uppsala kommuns m\u00e4tstation p\u00e5 Kungsgatan och vid Trafikverkets m\u00e4tstation vid E4\/E20 Skonertv\u00e4gen. Vid \u00f6vriga m\u00e4tstationer klarades NO<sub><span style=\"font-size: small;\">2<\/span><\/sub>-normen. Milj\u00f6kvalitetsnormen f\u00f6r partiklar, PM10 och PM2.5 klarades vid alla m\u00e4tstationer.<\/p>\n<p>Se Luftv\u00e5rdsf\u00f6rbundets \u00e5rsrapport 2019 <a href=\"http:\/\/slb.nu\/slb\/rapporter\/pdf8\/slb2020_003.pdf\">h\u00e4r<\/a>.<\/p>\n<p>Se sammanfattning av resultat och trender <a href=\"http:\/\/www.slb.nu\/slbanalys\/dokument\/Smf_LVF_2019.pdf\">h\u00e4r<\/a>.<\/p>\n","protected":false},"excerpt":{"rendered":"<p>I Luftv\u00e5rdsf\u00f6rbundets \u00e5rsrapport 2019 redovisas resultat fr\u00e5n m\u00e4tningar av luftf\u00f6roreningshalter och meteorologiska parametrar i regionen. F\u00f6rutom luftf\u00f6roreningshalter i urban och regional bakgrundsmilj\u00f6 redovisas resultat fr\u00e5n gatustationer i Uppsala, G\u00e4vle, Botkyrka, Solna, Sollentuna och S\u00f6dert\u00e4lje. Dessutom redovisas resultat fr\u00e5n Trafikverkets m\u00e4tningar intill E4\/E20 p\u00e5 Lilla Essingen och vid Skonertv\u00e4gen i Stockholm. Milj\u00f6kvalitetsnormen f\u00f6r kv\u00e4vedioxid, NO2, till [&hellip;]<\/p>\n","protected":false},"author":8,"featured_media":0,"comment_status":"closed","ping_status":"closed","sticky":false,"template":"","format":"standard","meta":[],"categories":[1],"tags":[],"_links":{"self":[{"href":"https:\/\/www.slb.nu\/slbanalys\/wp-json\/wp\/v2\/posts\/4551"}],"collection":[{"href":"https:\/\/www.slb.nu\/slbanalys\/wp-json\/wp\/v2\/posts"}],"about":[{"href":"https:\/\/www.slb.nu\/slbanalys\/wp-json\/wp\/v2\/types\/post"}],"author":[{"embeddable":true,"href":"https:\/\/www.slb.nu\/slbanalys\/wp-json\/wp\/v2\/users\/8"}],"replies":[{"embeddable":true,"href":"https:\/\/www.slb.nu\/slbanalys\/wp-json\/wp\/v2\/comments?post=4551"}],"version-history":[{"count":1,"href":"https:\/\/www.slb.nu\/slbanalys\/wp-json\/wp\/v2\/posts\/4551\/revisions"}],"predecessor-version":[{"id":4552,"href":"https:\/\/www.slb.nu\/slbanalys\/wp-json\/wp\/v2\/posts\/4551\/revisions\/4552"}],"wp:attachment":[{"href":"https:\/\/www.slb.nu\/slbanalys\/wp-json\/wp\/v2\/media?parent=4551"}],"wp:term":[{"taxonomy":"category","embeddable":true,"href":"https:\/\/www.slb.nu\/slbanalys\/wp-json\/wp\/v2\/categories?post=4551"},{"taxonomy":"post_tag","embeddable":true,"href":"https:\/\/www.slb.nu\/slbanalys\/wp-json\/wp\/v2\/tags?post=4551"}],"curies":[{"name":"wp","href":"https:\/\/api.w.org\/{rel}","templated":true}]}}