{"id":4937,"date":"2021-05-25T17:06:54","date_gmt":"2021-05-25T15:06:54","guid":{"rendered":"https:\/\/www.slb.nu\/slbanalys\/?p=4937"},"modified":"2022-02-04T10:42:59","modified_gmt":"2022-02-04T09:42:59","slug":"luften-i-stockholm-2020","status":"publish","type":"post","link":"https:\/\/www.slb.nu\/slbanalys\/luften-i-stockholm-2020\/","title":{"rendered":"Luften i Stockholm 2020"},"content":{"rendered":"\n<p>Resultatet av m\u00e4tningarna av luftkvalitet i Stockholms stad \u00e5r 2020 &#8211; samt j\u00e4mf\u00f6relser med tidigare \u00e5r &#8211; finns nu att l\u00e4sa i rapporten<a href=\"https:\/\/www.slbanalys.se\/slb\/rapporter\/pdf8\/slb2021_009.pdf\"> Luften i Stockholm 2020.<\/a><\/p>\n\n\n\n<p>M\u00e4tresultatet \u00e5r 2020 j\u00e4mf\u00f6rs med juridiskt bindande milj\u00f6kvalitetsnormer om h\u00f6gsta till\u00e5tna halter av luftf\u00f6roreningar i utomhusluften samt med v\u00e4gledande milj\u00f6kvalitetsm\u00e5l till skydd f\u00f6r m\u00e4nniskors h\u00e4lsa, antagna av Sveriges riksdag.<\/p>\n\n\n\n<p>Under \u00e5r 2020 gjorde pandemin med covid-19 att trafiken och utsl\u00e4ppen av luftf\u00f6roreningar minskade. \u00c5ret var dessutom ovanligt varmt och bl\u00e5sigt. Dessa f\u00f6r luftkvaliteten gynnsamma f\u00f6rh\u00e5llandena gjorde att de flesta luftf\u00f6roreningshalterna i staden var l\u00e5ga. Undantaget var halterna av markn\u00e4ra ozon som gynnades av det varma v\u00e4dret och att utsl\u00e4ppen av kv\u00e4veoxider var l\u00e4gre \u00e4n tidigare \u00e5r.<\/p>\n\n\n\n<p>Milj\u00f6kvalitetsnormer enligt luftkvalitetsf\u00f6rordningen (2010:477) \u00f6verskreds \u00e5r 2020 f\u00f6r markn\u00e4ra ozon och kolmonoxid. Milj\u00f6kvalitetsnormer f\u00f6r kv\u00e4vedioxid, NO2, och partiklar, PM10, klarades vid alla m\u00e4tstationerna. Vid n\u00e5gra av dessa klarades \u00e4ven milj\u00f6kvalitetsm\u00e5len.  <\/p>\n","protected":false},"excerpt":{"rendered":"<p>Resultatet av m\u00e4tningarna av luftkvalitet i Stockholms stad \u00e5r 2020 &#8211; samt j\u00e4mf\u00f6relser med tidigare \u00e5r &#8211; finns nu att l\u00e4sa i rapporten Luften i Stockholm 2020. M\u00e4tresultatet \u00e5r 2020 j\u00e4mf\u00f6rs med juridiskt bindande milj\u00f6kvalitetsnormer om h\u00f6gsta till\u00e5tna halter av luftf\u00f6roreningar i utomhusluften samt med v\u00e4gledande milj\u00f6kvalitetsm\u00e5l till skydd f\u00f6r m\u00e4nniskors h\u00e4lsa, antagna av Sveriges [&hellip;]<\/p>\n","protected":false},"author":5,"featured_media":0,"comment_status":"closed","ping_status":"closed","sticky":false,"template":"","format":"standard","meta":[],"categories":[1],"tags":[],"_links":{"self":[{"href":"https:\/\/www.slb.nu\/slbanalys\/wp-json\/wp\/v2\/posts\/4937"}],"collection":[{"href":"https:\/\/www.slb.nu\/slbanalys\/wp-json\/wp\/v2\/posts"}],"about":[{"href":"https:\/\/www.slb.nu\/slbanalys\/wp-json\/wp\/v2\/types\/post"}],"author":[{"embeddable":true,"href":"https:\/\/www.slb.nu\/slbanalys\/wp-json\/wp\/v2\/users\/5"}],"replies":[{"embeddable":true,"href":"https:\/\/www.slb.nu\/slbanalys\/wp-json\/wp\/v2\/comments?post=4937"}],"version-history":[{"count":9,"href":"https:\/\/www.slb.nu\/slbanalys\/wp-json\/wp\/v2\/posts\/4937\/revisions"}],"predecessor-version":[{"id":5096,"href":"https:\/\/www.slb.nu\/slbanalys\/wp-json\/wp\/v2\/posts\/4937\/revisions\/5096"}],"wp:attachment":[{"href":"https:\/\/www.slb.nu\/slbanalys\/wp-json\/wp\/v2\/media?parent=4937"}],"wp:term":[{"taxonomy":"category","embeddable":true,"href":"https:\/\/www.slb.nu\/slbanalys\/wp-json\/wp\/v2\/categories?post=4937"},{"taxonomy":"post_tag","embeddable":true,"href":"https:\/\/www.slb.nu\/slbanalys\/wp-json\/wp\/v2\/tags?post=4937"}],"curies":[{"name":"wp","href":"https:\/\/api.w.org\/{rel}","templated":true}]}}