{"id":5053,"date":"2021-12-17T16:28:01","date_gmt":"2021-12-17T15:28:01","guid":{"rendered":"https:\/\/www.slb.nu\/slbanalys\/?p=5053"},"modified":"2021-12-17T16:29:32","modified_gmt":"2021-12-17T15:29:32","slug":"matstation-etablerad-i-gavle","status":"publish","type":"post","link":"https:\/\/www.slb.nu\/slbanalys\/matstation-etablerad-i-gavle\/","title":{"rendered":"M\u00e4tstation etablerad i G\u00e4vle"},"content":{"rendered":"\n<p>P\u00e5 uppdrag av G\u00e4vle kommun har en ny kontinuerlig m\u00e4tstation etablerats i centrala staden invid Staketgatan 22. De halter av luftf\u00f6roreningar som m\u00e4ts \u00e4r kv\u00e4veoxider (NOx), kv\u00e4vedioxid (NO2) samt partiklar (PM10 och PM2.5).<\/p>\n\n\n\n<figure class=\"wp-block-image size-large\"><img loading=\"lazy\" width=\"766\" height=\"1024\" src=\"https:\/\/www.slb.nu\/slbanalys\/wp-content\/uploads\/GVX-Staketgatan-22-sydvast-766x1024.jpg\" alt=\"\" class=\"wp-image-5051\" srcset=\"https:\/\/www.slb.nu\/slbanalys\/wp-content\/uploads\/GVX-Staketgatan-22-sydvast-766x1024.jpg 766w, https:\/\/www.slb.nu\/slbanalys\/wp-content\/uploads\/GVX-Staketgatan-22-sydvast-224x300.jpg 224w, https:\/\/www.slb.nu\/slbanalys\/wp-content\/uploads\/GVX-Staketgatan-22-sydvast-768x1026.jpg 768w, https:\/\/www.slb.nu\/slbanalys\/wp-content\/uploads\/GVX-Staketgatan-22-sydvast-1149x1536.jpg 1149w, https:\/\/www.slb.nu\/slbanalys\/wp-content\/uploads\/GVX-Staketgatan-22-sydvast-624x834.jpg 624w, https:\/\/www.slb.nu\/slbanalys\/wp-content\/uploads\/GVX-Staketgatan-22-sydvast-400x535.jpg 400w, https:\/\/www.slb.nu\/slbanalys\/wp-content\/uploads\/GVX-Staketgatan-22-sydvast.jpg 1379w\" sizes=\"(max-width: 766px) 100vw, 766px\" \/><figcaption>Staketgatan 22, G\u00e4vle. M\u00e4tning i gaturum av partiklar (PM10, PM2.5) och kv\u00e4veoxider, NO<sub>2<\/sub>, NOx). G\u00e4vle kommun.<\/figcaption><\/figure>\n","protected":false},"excerpt":{"rendered":"<p>P\u00e5 uppdrag av G\u00e4vle kommun har en ny kontinuerlig m\u00e4tstation etablerats i centrala staden invid Staketgatan 22. De halter av luftf\u00f6roreningar som m\u00e4ts \u00e4r kv\u00e4veoxider (NOx), kv\u00e4vedioxid (NO2) samt partiklar (PM10 och PM2.5).<\/p>\n","protected":false},"author":5,"featured_media":0,"comment_status":"closed","ping_status":"closed","sticky":false,"template":"","format":"standard","meta":[],"categories":[1],"tags":[],"_links":{"self":[{"href":"https:\/\/www.slb.nu\/slbanalys\/wp-json\/wp\/v2\/posts\/5053"}],"collection":[{"href":"https:\/\/www.slb.nu\/slbanalys\/wp-json\/wp\/v2\/posts"}],"about":[{"href":"https:\/\/www.slb.nu\/slbanalys\/wp-json\/wp\/v2\/types\/post"}],"author":[{"embeddable":true,"href":"https:\/\/www.slb.nu\/slbanalys\/wp-json\/wp\/v2\/users\/5"}],"replies":[{"embeddable":true,"href":"https:\/\/www.slb.nu\/slbanalys\/wp-json\/wp\/v2\/comments?post=5053"}],"version-history":[{"count":4,"href":"https:\/\/www.slb.nu\/slbanalys\/wp-json\/wp\/v2\/posts\/5053\/revisions"}],"predecessor-version":[{"id":5057,"href":"https:\/\/www.slb.nu\/slbanalys\/wp-json\/wp\/v2\/posts\/5053\/revisions\/5057"}],"wp:attachment":[{"href":"https:\/\/www.slb.nu\/slbanalys\/wp-json\/wp\/v2\/media?parent=5053"}],"wp:term":[{"taxonomy":"category","embeddable":true,"href":"https:\/\/www.slb.nu\/slbanalys\/wp-json\/wp\/v2\/categories?post=5053"},{"taxonomy":"post_tag","embeddable":true,"href":"https:\/\/www.slb.nu\/slbanalys\/wp-json\/wp\/v2\/tags?post=5053"}],"curies":[{"name":"wp","href":"https:\/\/api.w.org\/{rel}","templated":true}]}}