{"id":5333,"date":"2022-11-17T15:25:43","date_gmt":"2022-11-17T14:25:43","guid":{"rendered":"https:\/\/www.slb.nu\/slbanalys\/?p=5333"},"modified":"2023-01-30T09:22:06","modified_gmt":"2023-01-30T08:22:06","slug":"stadens-luftkvalitet-i-fokus-i-media","status":"publish","type":"post","link":"https:\/\/www.slb.nu\/slbanalys\/stadens-luftkvalitet-i-fokus-i-media\/","title":{"rendered":"Stadens luftkvalitet i fokus i media"},"content":{"rendered":"\n<p>Under veckan har media genom flera inslag uppm\u00e4rksammat luftkvaliteten vid Stockholms innerstadsgator. <a href=\"https:\/\/www.svt.se\/nyheter\/lokalt\/stockholm\/luften-i-stockholm-ar-den-renaste-pa-30-ar\" data-type=\"URL\" data-id=\"https:\/\/www.svt.se\/nyheter\/lokalt\/stockholm\/luften-i-stockholm-ar-den-renaste-pa-30-ar\">Lars Burman p\u00e5 SLB-analys ber\u00e4ttar f\u00f6r SVT Nyheter<\/a> att luften p\u00e5 Hornsgatan \u00e4r den renaste p\u00e5 30 \u00e5r.\u00a0Lars har jobbat med luftm\u00e4tningar i \u00f6ver 20 \u00e5r och s\u00e4ger att det \u00e4r en enorm skillnad p\u00e5 luftkvaliteten idag j\u00e4mf\u00f6rt med n\u00e4r han b\u00f6rjade jobba som milj\u00f6utredare. <\/p>\n\n\n\n<p>Sedan 2016 har halterna av kv\u00e4vedioxid fr\u00e5n bilavgaser i Stockholms innerstad halverats och sedan \u00e5r 2020 klarar staden EU:s lagkrav p\u00e5 hur h\u00f6ga kv\u00e4vedioxidhalterna f\u00e5r vara. Inom n\u00e5gra \u00e5r \u00e4r dock sk\u00e4rpa milj\u00f6krav att v\u00e4nta d\u00e5 EU har f\u00f6reslagit s\u00e4nkta gr\u00e4nsv\u00e4rden f\u00f6r b\u00e5de kv\u00e4vedioxid och partiklar. Detta \u00e4r ett viktigt steg mot att ytterligare f\u00f6rb\u00e4ttra luftkvaliteten f\u00f6r medborgarna i staden. \u00c4ven Lars po\u00e4ngterar betydelsen av ett fortsatt arbete mot \u00e4nnu l\u00e4gre halter av luftf\u00f6roreningar eftersom dagens utsl\u00e4ppsniv\u00e5er fortfarande p\u00e5verkar m\u00e4nniskors h\u00e4lsa negativt.<\/p>\n\n\n\n<p>  <\/p>\n\n\n\n<p><\/p>\n","protected":false},"excerpt":{"rendered":"<p>Under veckan har media genom flera inslag uppm\u00e4rksammat luftkvaliteten vid Stockholms innerstadsgator. Lars Burman p\u00e5 SLB-analys ber\u00e4ttar f\u00f6r SVT Nyheter att luften p\u00e5 Hornsgatan \u00e4r den renaste p\u00e5 30 \u00e5r.\u00a0Lars har jobbat med luftm\u00e4tningar i \u00f6ver 20 \u00e5r och s\u00e4ger att det \u00e4r en enorm skillnad p\u00e5 luftkvaliteten idag j\u00e4mf\u00f6rt med n\u00e4r han b\u00f6rjade jobba [&hellip;]<\/p>\n","protected":false},"author":11,"featured_media":0,"comment_status":"closed","ping_status":"closed","sticky":false,"template":"","format":"standard","meta":[],"categories":[1],"tags":[],"_links":{"self":[{"href":"https:\/\/www.slb.nu\/slbanalys\/wp-json\/wp\/v2\/posts\/5333"}],"collection":[{"href":"https:\/\/www.slb.nu\/slbanalys\/wp-json\/wp\/v2\/posts"}],"about":[{"href":"https:\/\/www.slb.nu\/slbanalys\/wp-json\/wp\/v2\/types\/post"}],"author":[{"embeddable":true,"href":"https:\/\/www.slb.nu\/slbanalys\/wp-json\/wp\/v2\/users\/11"}],"replies":[{"embeddable":true,"href":"https:\/\/www.slb.nu\/slbanalys\/wp-json\/wp\/v2\/comments?post=5333"}],"version-history":[{"count":4,"href":"https:\/\/www.slb.nu\/slbanalys\/wp-json\/wp\/v2\/posts\/5333\/revisions"}],"predecessor-version":[{"id":5405,"href":"https:\/\/www.slb.nu\/slbanalys\/wp-json\/wp\/v2\/posts\/5333\/revisions\/5405"}],"wp:attachment":[{"href":"https:\/\/www.slb.nu\/slbanalys\/wp-json\/wp\/v2\/media?parent=5333"}],"wp:term":[{"taxonomy":"category","embeddable":true,"href":"https:\/\/www.slb.nu\/slbanalys\/wp-json\/wp\/v2\/categories?post=5333"},{"taxonomy":"post_tag","embeddable":true,"href":"https:\/\/www.slb.nu\/slbanalys\/wp-json\/wp\/v2\/tags?post=5333"}],"curies":[{"name":"wp","href":"https:\/\/api.w.org\/{rel}","templated":true}]}}