{"id":5341,"date":"2022-11-23T10:50:47","date_gmt":"2022-11-23T09:50:47","guid":{"rendered":"https:\/\/www.slb.nu\/slbanalys\/?p=5341"},"modified":"2022-11-23T15:04:57","modified_gmt":"2022-11-23T14:04:57","slug":"kontroll-av-luftkvaliteten-pa-skolgardar","status":"publish","type":"post","link":"https:\/\/www.slb.nu\/slbanalys\/kontroll-av-luftkvaliteten-pa-skolgardar\/","title":{"rendered":"Kontroll av luftkvaliteten p\u00e5 skolg\u00e5rdar"},"content":{"rendered":"\n<p>P\u00e5 uppdrag av \u00d6stra Sveriges Luftv\u00e5rdsf\u00f6rbund utf\u00f6r SLB luftm\u00e4tningar p\u00e5 skolg\u00e5rdar med syfte att kontrollera och s\u00e4kerst\u00e4lla god luftkvalitet d\u00e4r barnen vistas under skoltid. M\u00e4tningarna genomf\u00f6rs i utomhusluften och omfattar partiklar (PM10) och kv\u00e4veoxider. <\/p>\n\n\n\n<p>Jenny Lindvall p\u00e5 SLB analys har tidigare i \u00e5r presenterat det till\u00e4ggsprogram som \u00d6stra Sveriges Luftv\u00e5rdsf\u00f6rbund har valt f\u00f6r \u00e5r 2022 och 2023. Den intresserade kan ladda ner presentationen <a href=\"https:\/\/oslvf.se\/skolgardsmatningar2022\/\" data-type=\"URL\" data-id=\"https:\/\/oslvf.se\/skolgardsmatningar2022\/\">h\u00e4r<\/a>. I presentationen kan man se att m\u00e4tningar ska ske p\u00e5 ytterligare en skola och f\u00f6rhoppningen \u00e4r att dessa m\u00e4tningar kommer ig\u00e5ng under n\u00e4sta \u00e5r. <\/p>\n\n\n\n<p>Just nu \u00e4r m\u00e4tningarna i g\u00e5ng p\u00e5 Oxbacksskolan i S\u00f6dert\u00e4lje, som har barn fr\u00e5n f\u00f6rskoleklasser upp till mellanstadiet. M\u00e4tningarna kommer p\u00e5g\u00e5 under vinterhalv\u00e5ret 2022\/2023. <\/p>\n\n\n\n<figure class=\"wp-block-image size-large\"><img loading=\"lazy\" width=\"1024\" height=\"768\" src=\"https:\/\/www.slb.nu\/slbanalys\/wp-content\/uploads\/Oxbacksskolan-A-1024x768.jpg\" alt=\"\" class=\"wp-image-5342\" srcset=\"https:\/\/www.slb.nu\/slbanalys\/wp-content\/uploads\/Oxbacksskolan-A-1024x768.jpg 1024w, https:\/\/www.slb.nu\/slbanalys\/wp-content\/uploads\/Oxbacksskolan-A-300x225.jpg 300w, https:\/\/www.slb.nu\/slbanalys\/wp-content\/uploads\/Oxbacksskolan-A-768x576.jpg 768w, https:\/\/www.slb.nu\/slbanalys\/wp-content\/uploads\/Oxbacksskolan-A-1536x1152.jpg 1536w, https:\/\/www.slb.nu\/slbanalys\/wp-content\/uploads\/Oxbacksskolan-A-624x468.jpg 624w, https:\/\/www.slb.nu\/slbanalys\/wp-content\/uploads\/Oxbacksskolan-A-400x300.jpg 400w, https:\/\/www.slb.nu\/slbanalys\/wp-content\/uploads\/Oxbacksskolan-A.jpg 2016w\" sizes=\"(max-width: 1024px) 100vw, 1024px\" \/><\/figure>\n","protected":false},"excerpt":{"rendered":"<p>P\u00e5 uppdrag av \u00d6stra Sveriges Luftv\u00e5rdsf\u00f6rbund utf\u00f6r SLB luftm\u00e4tningar p\u00e5 skolg\u00e5rdar med syfte att kontrollera och s\u00e4kerst\u00e4lla god luftkvalitet d\u00e4r barnen vistas under skoltid. M\u00e4tningarna genomf\u00f6rs i utomhusluften och omfattar partiklar (PM10) och kv\u00e4veoxider. Jenny Lindvall p\u00e5 SLB analys har tidigare i \u00e5r presenterat det till\u00e4ggsprogram som \u00d6stra Sveriges Luftv\u00e5rdsf\u00f6rbund har valt f\u00f6r \u00e5r 2022 [&hellip;]<\/p>\n","protected":false},"author":11,"featured_media":0,"comment_status":"closed","ping_status":"closed","sticky":false,"template":"","format":"standard","meta":[],"categories":[1],"tags":[],"_links":{"self":[{"href":"https:\/\/www.slb.nu\/slbanalys\/wp-json\/wp\/v2\/posts\/5341"}],"collection":[{"href":"https:\/\/www.slb.nu\/slbanalys\/wp-json\/wp\/v2\/posts"}],"about":[{"href":"https:\/\/www.slb.nu\/slbanalys\/wp-json\/wp\/v2\/types\/post"}],"author":[{"embeddable":true,"href":"https:\/\/www.slb.nu\/slbanalys\/wp-json\/wp\/v2\/users\/11"}],"replies":[{"embeddable":true,"href":"https:\/\/www.slb.nu\/slbanalys\/wp-json\/wp\/v2\/comments?post=5341"}],"version-history":[{"count":3,"href":"https:\/\/www.slb.nu\/slbanalys\/wp-json\/wp\/v2\/posts\/5341\/revisions"}],"predecessor-version":[{"id":5346,"href":"https:\/\/www.slb.nu\/slbanalys\/wp-json\/wp\/v2\/posts\/5341\/revisions\/5346"}],"wp:attachment":[{"href":"https:\/\/www.slb.nu\/slbanalys\/wp-json\/wp\/v2\/media?parent=5341"}],"wp:term":[{"taxonomy":"category","embeddable":true,"href":"https:\/\/www.slb.nu\/slbanalys\/wp-json\/wp\/v2\/categories?post=5341"},{"taxonomy":"post_tag","embeddable":true,"href":"https:\/\/www.slb.nu\/slbanalys\/wp-json\/wp\/v2\/tags?post=5341"}],"curies":[{"name":"wp","href":"https:\/\/api.w.org\/{rel}","templated":true}]}}