{"id":5427,"date":"2023-02-27T08:32:34","date_gmt":"2023-02-27T07:32:34","guid":{"rendered":"https:\/\/www.slb.nu\/slbanalys\/?p=5427"},"modified":"2023-10-10T12:27:01","modified_gmt":"2023-10-10T10:27:01","slug":"luftkvalitetsmatningar-startade-i-botkyrka-kommun","status":"publish","type":"post","link":"https:\/\/www.slb.nu\/slbanalys\/luftkvalitetsmatningar-startade-i-botkyrka-kommun\/","title":{"rendered":"Luftkvalitetsm\u00e4tningar i Botkyrka kommun"},"content":{"rendered":"\n<p>Sedan 1 mars 2023 \u00f6vervakar Botkyrka kommun luftkvaliteten genom m\u00e4tningar av partiklar (PM10 och PM2.5), kv\u00e4vedioxid (NO<sub>2<\/sub>) och kv\u00e4veoxider (NO<sub>x<\/sub>) vid Kumla g\u00e5rdsv\u00e4g. M\u00e4tplatsen \u00e4r bel\u00e4gen v\u00e4ster om H\u00e5gelbyleden vid Pelican Self Storage. M\u00e4tningarna kommer att p\u00e5g\u00e5 under hela 2023 med eventuell f\u00f6rl\u00e4ngning. Kommunen har tidigare genomf\u00f6rt m\u00e4tningar vid H\u00e5gelbyleden, men platsen vid Kumla g\u00e5rdsv\u00e4g bed\u00f6ms vara mer representativ f\u00f6r luftkvalitetsm\u00e4tningar mot milj\u00f6kvalitetsnormer och milj\u00f6m\u00e5l. <\/p>\n\n\n\n<p>Halter av PM10, PM2.5 och NO<sub>2<\/sub> g\u00e5r att f\u00f6lja under <a href=\"https:\/\/www.slb.nu\/slbanalys\/luften-idag\/\">Luften idag<\/a>.<\/p>\n\n\n\n<figure class=\"wp-block-image size-large\"><img loading=\"lazy\" width=\"431\" height=\"574\" src=\"https:\/\/www.slb.nu\/slbanalys\/wp-content\/uploads\/Botkyrka__Kumla_gardsvag_230301.png\" alt=\"\" class=\"wp-image-5428\" srcset=\"https:\/\/www.slb.nu\/slbanalys\/wp-content\/uploads\/Botkyrka__Kumla_gardsvag_230301.png 431w, https:\/\/www.slb.nu\/slbanalys\/wp-content\/uploads\/Botkyrka__Kumla_gardsvag_230301-225x300.png 225w, https:\/\/www.slb.nu\/slbanalys\/wp-content\/uploads\/Botkyrka__Kumla_gardsvag_230301-400x533.png 400w\" sizes=\"(max-width: 431px) 100vw, 431px\" \/><figcaption>M\u00e4tsk\u00e5pet vid Kumla g\u00e5rdsv\u00e4g i Botkyrka kommun.<\/figcaption><\/figure>\n\n\n\n<p><\/p>\n","protected":false},"excerpt":{"rendered":"<p>Sedan 1 mars 2023 \u00f6vervakar Botkyrka kommun luftkvaliteten genom m\u00e4tningar av partiklar (PM10 och PM2.5), kv\u00e4vedioxid (NO2) och kv\u00e4veoxider (NOx) vid Kumla g\u00e5rdsv\u00e4g. M\u00e4tplatsen \u00e4r bel\u00e4gen v\u00e4ster om H\u00e5gelbyleden vid Pelican Self Storage. M\u00e4tningarna kommer att p\u00e5g\u00e5 under hela 2023 med eventuell f\u00f6rl\u00e4ngning. Kommunen har tidigare genomf\u00f6rt m\u00e4tningar vid H\u00e5gelbyleden, men platsen vid Kumla g\u00e5rdsv\u00e4g [&hellip;]<\/p>\n","protected":false},"author":11,"featured_media":0,"comment_status":"closed","ping_status":"closed","sticky":false,"template":"","format":"standard","meta":[],"categories":[1],"tags":[],"_links":{"self":[{"href":"https:\/\/www.slb.nu\/slbanalys\/wp-json\/wp\/v2\/posts\/5427"}],"collection":[{"href":"https:\/\/www.slb.nu\/slbanalys\/wp-json\/wp\/v2\/posts"}],"about":[{"href":"https:\/\/www.slb.nu\/slbanalys\/wp-json\/wp\/v2\/types\/post"}],"author":[{"embeddable":true,"href":"https:\/\/www.slb.nu\/slbanalys\/wp-json\/wp\/v2\/users\/11"}],"replies":[{"embeddable":true,"href":"https:\/\/www.slb.nu\/slbanalys\/wp-json\/wp\/v2\/comments?post=5427"}],"version-history":[{"count":9,"href":"https:\/\/www.slb.nu\/slbanalys\/wp-json\/wp\/v2\/posts\/5427\/revisions"}],"predecessor-version":[{"id":5594,"href":"https:\/\/www.slb.nu\/slbanalys\/wp-json\/wp\/v2\/posts\/5427\/revisions\/5594"}],"wp:attachment":[{"href":"https:\/\/www.slb.nu\/slbanalys\/wp-json\/wp\/v2\/media?parent=5427"}],"wp:term":[{"taxonomy":"category","embeddable":true,"href":"https:\/\/www.slb.nu\/slbanalys\/wp-json\/wp\/v2\/categories?post=5427"},{"taxonomy":"post_tag","embeddable":true,"href":"https:\/\/www.slb.nu\/slbanalys\/wp-json\/wp\/v2\/tags?post=5427"}],"curies":[{"name":"wp","href":"https:\/\/api.w.org\/{rel}","templated":true}]}}