{"id":5487,"date":"2023-04-21T16:11:08","date_gmt":"2023-04-21T14:11:08","guid":{"rendered":"https:\/\/www.slb.nu\/slbanalys\/?p=5487"},"modified":"2023-05-14T12:47:04","modified_gmt":"2023-05-14T10:47:04","slug":"luften-i-stockholm-ar-2022","status":"publish","type":"post","link":"https:\/\/www.slb.nu\/slbanalys\/luften-i-stockholm-ar-2022\/","title":{"rendered":"Luften i Stockholm \u00e5r 2022"},"content":{"rendered":"\n<p>Den nya \u00e5rsrapporten f\u00f6r luften i Stockholm 2022, visar att luftkvaliteten f\u00f6r de flesta luftf\u00f6roreningar ligger inom godk\u00e4nda niv\u00e5er. F\u00f6r att n\u00e5 milj\u00f6m\u00e5len och kommande sk\u00e4rpta lagkrav m\u00e5ste dock utsl\u00e4ppen minska ytterligare.<\/p>\n\n\n\n<p>Halterna av kv\u00e4vedioxid har l\u00e4nge varit ett problem i Stockholm men de senaste 5-6 \u00e5ren ses tydliga f\u00f6rb\u00e4ttringar vid m\u00e4tstationerna. Det beror p\u00e5 att fordonsparken i Stockholm snabbt har elektrifierats, fr\u00e5n ungef\u00e4r var tjugonde bil \u00e5r 2017 till var fj\u00e4rde bil i nul\u00e4get, samtidigt som de smutsigare dieselbilarna blivit f\u00e4rre. \u00c4ven bland tunga fordon har utsl\u00e4ppen minskat d\u00e5 h\u00e5rda avgaskrav g\u00e4ller i den milj\u00f6zon som omfattar n\u00e4stan hela innerstaden.<\/p>\n\n\n\n<p>Halterna av partiklar, PM10, var h\u00f6gre 2022 \u00e4n p\u00e5 flera \u00e5r beroende p\u00e5 att mycket v\u00e4gdamm som ansamlats under vintern virvlade upp i luften under v\u00e5ren n\u00e4r v\u00e4gbanorna torkade upp. Bidragande till detta var ovanligt lite nederb\u00f6rd som kunde sk\u00f6lja bort dammet fr\u00e5n v\u00e4garna.<\/p>\n\n\n\n<p>EU \u00e4r p\u00e5 g\u00e5ng att sk\u00e4rpa de lagstadgade niv\u00e5erna f\u00f6r luftf\u00f6roreningar med tanke p\u00e5 dagens kunskap om hur luftf\u00f6roreningar p\u00e5verkar m\u00e4nniskors h\u00e4lsa och d\u00e5 s\u00e4rskilt k\u00e4nsliga grupper.<\/p>\n\n\n\n<p><\/p>\n\n\n\n<p>Rapporten finns att l\u00e4sa <a href=\"https:\/\/miljobarometern.stockholm.se\/content\/docs\/tema\/luft\/Luften_Sto_%202022_TA.pdf\">h<\/a><a href=\"https:\/\/www.slbanalys.se\/slb\/rapporter\/pdf8\/slb2023_010.pdf\" data-type=\"URL\" data-id=\"https:\/\/www.slbanalys.se\/slb\/rapporter\/pdf8\/slb2023_010.pdf\">\u00e4r.<\/a><\/p>\n\n\n\n<p>L\u00e4s mer om Stockholmsluften p\u00e5 <a href=\"https:\/\/miljobarometern.stockholm.se\/luft\/\" data-type=\"URL\" data-id=\"https:\/\/miljobarometern.stockholm.se\/luft\/\">Milj\u00f6barometern<\/a>. <\/p>\n","protected":false},"excerpt":{"rendered":"<p>Den nya \u00e5rsrapporten f\u00f6r luften i Stockholm 2022, visar att luftkvaliteten f\u00f6r de flesta luftf\u00f6roreningar ligger inom godk\u00e4nda niv\u00e5er. F\u00f6r att n\u00e5 milj\u00f6m\u00e5len och kommande sk\u00e4rpta lagkrav m\u00e5ste dock utsl\u00e4ppen minska ytterligare. Halterna av kv\u00e4vedioxid har l\u00e4nge varit ett problem i Stockholm men de senaste 5-6 \u00e5ren ses tydliga f\u00f6rb\u00e4ttringar vid m\u00e4tstationerna. Det beror p\u00e5 [&hellip;]<\/p>\n","protected":false},"author":5,"featured_media":0,"comment_status":"closed","ping_status":"closed","sticky":false,"template":"","format":"standard","meta":[],"categories":[1],"tags":[],"_links":{"self":[{"href":"https:\/\/www.slb.nu\/slbanalys\/wp-json\/wp\/v2\/posts\/5487"}],"collection":[{"href":"https:\/\/www.slb.nu\/slbanalys\/wp-json\/wp\/v2\/posts"}],"about":[{"href":"https:\/\/www.slb.nu\/slbanalys\/wp-json\/wp\/v2\/types\/post"}],"author":[{"embeddable":true,"href":"https:\/\/www.slb.nu\/slbanalys\/wp-json\/wp\/v2\/users\/5"}],"replies":[{"embeddable":true,"href":"https:\/\/www.slb.nu\/slbanalys\/wp-json\/wp\/v2\/comments?post=5487"}],"version-history":[{"count":9,"href":"https:\/\/www.slb.nu\/slbanalys\/wp-json\/wp\/v2\/posts\/5487\/revisions"}],"predecessor-version":[{"id":5498,"href":"https:\/\/www.slb.nu\/slbanalys\/wp-json\/wp\/v2\/posts\/5487\/revisions\/5498"}],"wp:attachment":[{"href":"https:\/\/www.slb.nu\/slbanalys\/wp-json\/wp\/v2\/media?parent=5487"}],"wp:term":[{"taxonomy":"category","embeddable":true,"href":"https:\/\/www.slb.nu\/slbanalys\/wp-json\/wp\/v2\/categories?post=5487"},{"taxonomy":"post_tag","embeddable":true,"href":"https:\/\/www.slb.nu\/slbanalys\/wp-json\/wp\/v2\/tags?post=5487"}],"curies":[{"name":"wp","href":"https:\/\/api.w.org\/{rel}","templated":true}]}}