{"id":5635,"date":"2023-12-05T20:03:04","date_gmt":"2023-12-05T19:03:04","guid":{"rendered":"https:\/\/www.slb.nu\/slbanalys\/?p=5635"},"modified":"2023-12-18T10:00:13","modified_gmt":"2023-12-18T09:00:13","slug":"miljozon-klass-3-i-city-utvarderad","status":"publish","type":"post","link":"https:\/\/www.slb.nu\/slbanalys\/miljozon-klass-3-i-city-utvarderad\/","title":{"rendered":"Milj\u00f6zon klass 3 i city utv\u00e4rderad"},"content":{"rendered":"\n<p>Stockholms stads m\u00e5ls\u00e4ttning \u00e4r att luftkvaliteten ska f\u00f6rb\u00e4ttras ytterligare och att V\u00e4rldsh\u00e4lsoorganisationen, WHO:s riktv\u00e4rden till skydd f\u00f6r m\u00e4nniskors h\u00e4lsa ska klaras. F\u00f6r att p\u00e5skynda omst\u00e4llningen till en renare fordonsflotta inf\u00f6rs milj\u00f6zon klass 3 i ett omr\u00e5de i city 31 december 2024. Det inneb\u00e4r att i stort sett endast renodlade elbilar till\u00e5ts. SLB-analys ber\u00e4kningar av milj\u00f6zonen visar att luftkvaliteten f\u00f6rb\u00e4ttras om reglerna f\u00f6ljs. Halterna av kv\u00e4vedioxid minskar och p\u00e5 m\u00e5nga gator inneb\u00e4r det att WHO:s riktv\u00e4rden klaras \u00e5r 2025. Analyserna av partiklar, PM10, visar att halterna minskar om dubbd\u00e4cksf\u00f6rbud inf\u00f6rs i milj\u00f6zonen. <\/p>\n\n\n\n<p>SLB-analys <a href=\"https:\/\/www.slbanalys.se\/slb\/rapporter\/pdf8\/slb2023_043.pdf\" data-type=\"URL\" data-id=\"https:\/\/www.slbanalys.se\/slb\/rapporter\/pdf8\/slb2023_043.pdf\">utv\u00e4rdering<\/a>.<\/p>\n\n\n\n<p>Trafikkontorets <a href=\"https:\/\/insynsverige.se\/documentHandler.ashx?did=2045258\" data-type=\"URL\" data-id=\"https:\/\/insynsverige.se\/documentHandler.ashx?did=2045258\">t<\/a><a href=\"https:\/\/insynsverige.se\/documentHandler.ashx?did=2045660\">j\u00e4nsteutl\u00e5tande<\/a> och <a href=\"https:\/\/insynsverige.se\/documentHandler.ashx?did=2045659\">konsekvensanalys<\/a><a href=\"https:\/\/insynsverige.se\/documentHandler.ashx?did=2045115\" data-type=\"URL\" data-id=\"https:\/\/insynsverige.se\/documentHandler.ashx?did=2045115\">.<\/a><\/p>\n","protected":false},"excerpt":{"rendered":"<p>Stockholms stads m\u00e5ls\u00e4ttning \u00e4r att luftkvaliteten ska f\u00f6rb\u00e4ttras ytterligare och att V\u00e4rldsh\u00e4lsoorganisationen, WHO:s riktv\u00e4rden till skydd f\u00f6r m\u00e4nniskors h\u00e4lsa ska klaras. F\u00f6r att p\u00e5skynda omst\u00e4llningen till en renare fordonsflotta inf\u00f6rs milj\u00f6zon klass 3 i ett omr\u00e5de i city 31 december 2024. Det inneb\u00e4r att i stort sett endast renodlade elbilar till\u00e5ts. SLB-analys ber\u00e4kningar av milj\u00f6zonen [&hellip;]<\/p>\n","protected":false},"author":5,"featured_media":0,"comment_status":"closed","ping_status":"closed","sticky":false,"template":"","format":"standard","meta":[],"categories":[1],"tags":[],"_links":{"self":[{"href":"https:\/\/www.slb.nu\/slbanalys\/wp-json\/wp\/v2\/posts\/5635"}],"collection":[{"href":"https:\/\/www.slb.nu\/slbanalys\/wp-json\/wp\/v2\/posts"}],"about":[{"href":"https:\/\/www.slb.nu\/slbanalys\/wp-json\/wp\/v2\/types\/post"}],"author":[{"embeddable":true,"href":"https:\/\/www.slb.nu\/slbanalys\/wp-json\/wp\/v2\/users\/5"}],"replies":[{"embeddable":true,"href":"https:\/\/www.slb.nu\/slbanalys\/wp-json\/wp\/v2\/comments?post=5635"}],"version-history":[{"count":17,"href":"https:\/\/www.slb.nu\/slbanalys\/wp-json\/wp\/v2\/posts\/5635\/revisions"}],"predecessor-version":[{"id":5661,"href":"https:\/\/www.slb.nu\/slbanalys\/wp-json\/wp\/v2\/posts\/5635\/revisions\/5661"}],"wp:attachment":[{"href":"https:\/\/www.slb.nu\/slbanalys\/wp-json\/wp\/v2\/media?parent=5635"}],"wp:term":[{"taxonomy":"category","embeddable":true,"href":"https:\/\/www.slb.nu\/slbanalys\/wp-json\/wp\/v2\/categories?post=5635"},{"taxonomy":"post_tag","embeddable":true,"href":"https:\/\/www.slb.nu\/slbanalys\/wp-json\/wp\/v2\/tags?post=5635"}],"curies":[{"name":"wp","href":"https:\/\/api.w.org\/{rel}","templated":true}]}}